{"id":12982,"date":"2019-08-06T13:10:49","date_gmt":"2019-08-06T16:10:49","guid":{"rendered":"https:\/\/templura.com\/tienda\/?p=12982"},"modified":"2019-09-12T10:42:50","modified_gmt":"2019-09-12T13:42:50","slug":"encuentros-corporativos-taller-para-reconocer-y-gestionar-las-emociones","status":"publish","type":"post","link":"https:\/\/templura.com\/tienda\/encuentros-corporativos-taller-para-reconocer-y-gestionar-las-emociones\/","title":{"rendered":"Encuentros Corporativos: Taller para reconocer y gestionar las emociones"},"content":{"rendered":"\n<p><strong>Conocerse es quererse: es el primer paso para desarrollar la inteligencia emocional<\/strong><\/p>\n\n\n\n<p><br> Las emociones son como la savia vital que nos da noticia de c\u00f3mo nos afectan los sucesos (internos y externos) de nuestras vidas. Algunas nos llenan de energ\u00eda y alegr\u00eda, otras nos estremecen y agobian; todas nos conectan con las dem\u00e1s personas y con el mundo, orientan nuestras acciones y nos ayudan a tomar decisiones.<br> Conocer nuestras emociones y las formas en que nos afectan es una manera de empezar a gestionarlas, modularlas y aliarnos con ellas, de modo de aprovechar al m\u00e1ximo la informaci\u00f3n que nos revelan y la orientaci\u00f3n que son capaces de ofrecernos. <\/p>\n\n\n\n<p><br> <strong>Qu\u00e9 trabajaremos:<\/strong> aprenderemos a reconocer las cinco emociones b\u00e1sicas, exploraremos el \u00abregalo\u00bb de cada una, y c\u00f3mo podemos expresarlas de la manera m\u00e1s sana y org\u00e1nica posible.<\/p>\n\n\n\n<figure class=\"wp-block-image\"><img loading=\"lazy\" decoding=\"async\" width=\"1024\" height=\"539\" src=\"https:\/\/templura.com\/tienda\/wp-content\/uploads\/2019\/08\/taller-salud-integral-para-empresas-1024x539.jpg\" alt=\"taller para reconocer y gestionar las emociones\" class=\"wp-image-13166\"\/><\/figure>\n\n\n\n<h2 class=\"wp-block-heading\">Talleres \u2013 Encuentro: para Colaboradores y para Clientes.<\/h2>\n\n\n\n<p><strong>\u00bfPor qu\u00e9 estos Talleres? <\/strong><\/p>\n\n\n\n<p>Si realmente esperamos que quienes forman parte de nuestra organizaci\u00f3n <strong>sean quienes dise\u00f1en el presente y el futuro<\/strong>, que entiendan y asuman su Rol y <strong>quieran dejar su contribuci\u00f3n<\/strong>, hay que adentrarse en el \u201cindividuo\u201d, en su fuerza \u00fanica interior y alinearla a los objetivos de nuestra empresa.<\/p>\n\n\n\n<h2 class=\"wp-block-heading\">Mas propuestas con otras tem\u00e1ticas:<\/h2>\n\n\n\n<ul class=\"wp-block-list\"><li><a href=\"https:\/\/templura.com\/tienda\/encuentros-corporativos-taller-para-descubrir-y-desarrollar-el-liderazgo\/\">Taller para descubrir y desarrollar el LIDERAZGO<\/a><\/li><li> <a href=\"https:\/\/templura.com\/tienda\/encuentros-corporativos-taller-para-el-cambio-en-la-organizacion\/\">Taller para el CAMBIO en la organizaci\u00f3n<\/a><\/li><li><a href=\"https:\/\/templura.com\/tienda\/encuentros-corporativos-taller-para-fortalecer-vinculos-en-equipos-de-trabajo\/\"> Taller para fortalecer v\u00ednculos en EQUIPOS DE TRABAJO<\/a><\/li><li> <a href=\"https:\/\/templura.com\/tienda\/encuentros-corporativos-taller-para-desarrollar-lideres-empaticos-y-compasivos\/\">Taller para desarrollar LIDERES EMPATICOS y compasivos<\/a><\/li><li> <a href=\"https:\/\/templura.com\/tienda\/encuentros-corporativos-practicas-para-una-salud-integral-emocional-y-fisica\/\">Pr\u00e1cticas para una SALUD INTEGRAL emocional y f\u00edsi<\/a>cos<\/li><li><a href=\"https:\/\/templura.com\/tienda\/encuentros-corporativos-taller-de-cierre-de-ano-elegir-la-paleta-de-colores-del-proximo-ciclo\/\">Taller de cierre de a\u00f1o<\/a><\/li><\/ul>\n\n\n\n<p style=\"text-align:center\"><a href=\"https:\/\/templura.com\/tienda\/contactenos\/\"><img loading=\"lazy\" decoding=\"async\" width=\"150\" height=\"50\" class=\"wp-image-13089\" style=\"width: 150px;\" src=\"https:\/\/templura.com\/tienda\/wp-content\/uploads\/2019\/08\/BOTON-CONTACTENOS.jpg\" alt=\"\"><\/a><\/p>\n","protected":false},"excerpt":{"rendered":"<p>Conocerse es quererse: es el primer paso para desarrollar la inteligencia emocional Las emociones son como la savia vital que nos da noticia de c\u00f3mo nos afectan los sucesos (internos y externos) de nuestras vidas. Algunas nos llenan de energ\u00eda y alegr\u00eda, otras nos estremecen y agobian; todas nos conectan con las dem\u00e1s personas y [&hellip;]<\/p>\n","protected":false},"author":2,"featured_media":0,"comment_status":"closed","ping_status":"open","sticky":false,"template":"","format":"standard","meta":{"_et_pb_use_builder":"off","_et_pb_old_content":"<!-- wp:paragraph -->\n<p><strong>Conocerse es quererse: es el primer paso para desarrollar la inteligencia emocional<\/strong><\/p>\n<!-- \/wp:paragraph -->\n\n<!-- wp:paragraph -->\n<p><br> Las emociones son como la savia vital que nos da noticia de c\u00f3mo nos afectan los sucesos (internos y externos) de nuestras vidas. Algunas nos llenan de energ\u00eda y alegr\u00eda, otras nos estremecen y agobian; todas nos conectan con las dem\u00e1s personas y con el mundo, orientan nuestras acciones y nos ayudan a tomar decisiones.<br> Conocer nuestras emociones y las formas en que nos afectan es una manera de empezar a gestionarlas, modularlas y aliarnos con ellas, de modo de aprovechar al m\u00e1ximo la informaci\u00f3n que nos revelan y la orientaci\u00f3n que son capaces de ofrecernos. <br> Qu\u00e9 trabajaremos: aprenderemos a reconocer las cinco emociones b\u00e1sicas, exploraremos el \"regalo\" de cada una, y c\u00f3mo podemos expresarlas de la manera m\u00e1s sana y org\u00e1nica posible.<\/p>\n<!-- \/wp:paragraph -->\n\n<!-- wp:image {\"id\":12616} -->\n<figure class=\"wp-block-image\"><img src=\"https:\/\/templura.com\/tienda\/wp-content\/uploads\/2019\/06\/WhatsApp-Image-2019-04-13-at-5.58.30-PM-1-1024x768.jpeg\" alt=\"\" class=\"wp-image-12616\"\/><\/figure>\n<!-- \/wp:image -->\n\n<!-- wp:heading -->\n<h2>Talleres \u2013 Encuentro: para Colaboradores y para Clientes.<\/h2>\n<!-- \/wp:heading -->\n\n<!-- wp:paragraph -->\n<p><strong>\u00bfPor qu\u00e9 estos Talleres? <\/strong><\/p>\n<!-- \/wp:paragraph -->\n\n<!-- wp:paragraph -->\n<p>Si realmente esperamos que quienes forman parte de nuestra organizaci\u00f3n <strong>sean quienes dise\u00f1en el presente y el futuro<\/strong>, que entiendan y asuman su Rol y <strong>quieran dejar su contribuci\u00f3n<\/strong>, hay que adentrarse en el \u201cindividuo\u201d, en su fuerza \u00fanica interior y alinearla a los objetivos de nuestra empresa.<\/p>\n<!-- \/wp:paragraph -->\n\n<!-- wp:image -->\n<figure class=\"wp-block-image\"><img alt=\"\"\/><\/figure>\n<!-- \/wp:image -->\n\n<!-- wp:heading -->\n<h2>Mas propuestas con otras tem\u00e1ticas:<\/h2>\n<!-- \/wp:heading -->\n\n<!-- wp:list -->\n<ul><li>Taller para descubrir y desarrollar el LIDERAZGO<\/li><li> Taller para el CAMBIO en la organizaci\u00f3n<\/li><li> Taller para fortalecer v\u00ednculos en EQUIPOS DE TRABAJO<\/li><li> Taller para desarrollar LIDERES EMPATICOS y compasivos<\/li><li> Pr\u00e1cticas para una SALUD INTEGRAL emocional y f\u00edsica<\/li><\/ul>\n<!-- \/wp:list -->","_et_gb_content_width":"","footnotes":""},"categories":[118,717],"tags":[],"class_list":["post-12982","post","type-post","status-publish","format-standard","hentry","category-articulos","category-encuentros-corporativos"],"_links":{"self":[{"href":"https:\/\/templura.com\/tienda\/wp-json\/wp\/v2\/posts\/12982","targetHints":{"allow":["GET"]}}],"collection":[{"href":"https:\/\/templura.com\/tienda\/wp-json\/wp\/v2\/posts"}],"about":[{"href":"https:\/\/templura.com\/tienda\/wp-json\/wp\/v2\/types\/post"}],"author":[{"embeddable":true,"href":"https:\/\/templura.com\/tienda\/wp-json\/wp\/v2\/users\/2"}],"replies":[{"embeddable":true,"href":"https:\/\/templura.com\/tienda\/wp-json\/wp\/v2\/comments?post=12982"}],"version-history":[{"count":9,"href":"https:\/\/templura.com\/tienda\/wp-json\/wp\/v2\/posts\/12982\/revisions"}],"predecessor-version":[{"id":13401,"href":"https:\/\/templura.com\/tienda\/wp-json\/wp\/v2\/posts\/12982\/revisions\/13401"}],"wp:attachment":[{"href":"https:\/\/templura.com\/tienda\/wp-json\/wp\/v2\/media?parent=12982"}],"wp:term":[{"taxonomy":"category","embeddable":true,"href":"https:\/\/templura.com\/tienda\/wp-json\/wp\/v2\/categories?post=12982"},{"taxonomy":"post_tag","embeddable":true,"href":"https:\/\/templura.com\/tienda\/wp-json\/wp\/v2\/tags?post=12982"}],"curies":[{"name":"wp","href":"https:\/\/api.w.org\/{rel}","templated":true}]}}