{"id":13002,"date":"2019-08-13T08:23:38","date_gmt":"2019-08-13T11:23:38","guid":{"rendered":"https:\/\/templura.com\/tienda\/?p=13002"},"modified":"2019-09-12T10:41:38","modified_gmt":"2019-09-12T13:41:38","slug":"encuentros-corporativos-taller-para-descubrir-y-desarrollar-el-liderazgo","status":"publish","type":"post","link":"https:\/\/templura.com\/tienda\/encuentros-corporativos-taller-para-descubrir-y-desarrollar-el-liderazgo\/","title":{"rendered":"Encuentros Corporativos: Taller para descubrir y desarrollar el liderazgo"},"content":{"rendered":"\n<p><strong>Descubrir al h\u00e9roe interior. \u00bfQu\u00e9 dones elijo nutrir, amplificar, desplegar? Animarse a liderar. \u00bfC\u00f3mo quiero que sea mi reino?<\/strong><\/p>\n\n\n\n<p>Todos sabemos tenemos dones y potenciales, pero no\nnecesariamente los exploramos y amplificamos. Lo que es peor, tendemos a pensar\nque vinimos al mundo con un n\u00famero fijo y predeterminado de talentos, y que eso\nes lo que tenemos para desarrollar en la vida. Lo cierto es lo contrario:\ntenemos tantos dones como los que decidimos explorar y potenciar. <\/p>\n\n\n\n<p><strong>Qu\u00e9 trabajaremos:<\/strong> pr\u00e1cticas para descubrir nuevas fortalezas, y plasmarlas en el mundo.<\/p>\n\n\n\n<figure class=\"wp-block-image\"><img loading=\"lazy\" decoding=\"async\" width=\"1024\" height=\"768\" src=\"https:\/\/templura.com\/tienda\/wp-content\/uploads\/revslider\/main_slider1\/grupo-1024x768.jpeg\" alt=\"taller de liderazgo\" class=\"wp-image-12623\"\/><\/figure>\n\n\n\n<h2 class=\"wp-block-heading\">Talleres \u2013 Encuentro: para Colaboradores y\npara Clientes.<\/h2>\n\n\n\n<p><strong>\u00bfPor qu\u00e9 estos Talleres?<\/strong> <\/p>\n\n\n\n<p>Si realmente esperamos que quienes forman parte de nuestra organizaci\u00f3n sean quienes dise\u00f1en el presente y el futuro, que entiendan y asuman su Rol y quieran dejar su contribuci\u00f3n, hay que adentrarse en el \u201cindividuo\u201d, en su fuerza \u00fanica interior y alinearla a los objetivos de nuestra empresa.<\/p>\n\n\n\n<h2 class=\"wp-block-heading\">Mas propuestas con otras tem\u00e1ticas:<\/h2>\n\n\n\n<ul class=\"wp-block-list\"><li><a href=\"https:\/\/templura.com\/tienda\/encuentros-corporativos-taller-para-reconocer-y-gestionar-las-emociones\/\">Taller para reconocer y gestionar las EMOCIONES<\/a><\/li><li><a href=\"https:\/\/templura.com\/tienda\/encuentros-corporativos-taller-para-el-cambio-en-la-organizacion\/\"> Taller para el CAMBIO en la organizaci\u00f3n <\/a><\/li><li> <a href=\"https:\/\/templura.com\/tienda\/encuentros-corporativos-taller-para-fortalecer-vinculos-en-equipos-de-trabajo\/\">Taller para fortalecer v\u00ednculos en EQUIPOS DE TRABAJO <\/a><\/li><li><a href=\"https:\/\/templura.com\/tienda\/encuentros-corporativos-taller-para-desarrollar-lideres-empaticos-y-compasivos\/\"> Taller para desarrollar L\u00cdDERES EMP\u00c1TICOS y compasivos <\/a><\/li><li><a href=\"https:\/\/templura.com\/tienda\/encuentros-corporativos-practicas-para-una-salud-integral-emocional-y-fisica\/\"> Pr\u00e1cticas para una SALUD INTEGRAL emocional y f\u00edsica <\/a><\/li><li><a href=\"https:\/\/templura.com\/tienda\/encuentros-corporativos-taller-de-cierre-de-ano-elegir-la-paleta-de-colores-del-proximo-ciclo\/\">Taller de cierre de a\u00f1o<\/a><\/li><\/ul>\n\n\n\n<p style=\"text-align:center\"><a href=\"https:\/\/templura.com\/tienda\/contactenos\/\"><img loading=\"lazy\" decoding=\"async\" width=\"150\" height=\"50\" class=\"wp-image-13089\" style=\"width: 150px;\" src=\"https:\/\/templura.com\/tienda\/wp-content\/uploads\/2019\/08\/BOTON-CONTACTENOS.jpg\" alt=\"\"><\/a><\/p>\n","protected":false},"excerpt":{"rendered":"<p>Descubrir al h\u00e9roe interior. \u00bfQu\u00e9 dones elijo nutrir, amplificar, desplegar? Animarse a liderar. \u00bfC\u00f3mo quiero que sea mi reino? Todos sabemos tenemos dones y potenciales, pero no necesariamente los exploramos y amplificamos. Lo que es peor, tendemos a pensar que vinimos al mundo con un n\u00famero fijo y predeterminado de talentos, y que eso es [&hellip;]<\/p>\n","protected":false},"author":2,"featured_media":0,"comment_status":"closed","ping_status":"open","sticky":false,"template":"","format":"standard","meta":{"_et_pb_use_builder":"off","_et_pb_old_content":"<!-- wp:paragraph -->\n<p><strong>Descubrir al h\u00e9roe interior. \u00bfQu\u00e9 dones elijo nutrir, amplificar, desplegar? Animarse a liderar. \u00bfC\u00f3mo quiero que sea mi reino?<\/strong><\/p>\n<!-- \/wp:paragraph -->\n\n<!-- wp:paragraph -->\n<p>Todos sabemos tenemos dones y potenciales, pero no\nnecesariamente los exploramos y amplificamos. Lo que es peor, tendemos a pensar\nque vinimos al mundo con un n\u00famero fijo y predeterminado de talentos, y que eso\nes lo que tenemos para desarrollar en la vida. Lo cierto es lo contrario:\ntenemos tantos dones como los que decidimos explorar y potenciar. <\/p>\n<!-- \/wp:paragraph -->\n\n<!-- wp:paragraph -->\n<p><strong>Qu\u00e9 trabajaremos:<\/strong> pr\u00e1cticas para descubrir nuevas fortalezas, y plasmarlas en el mundo.<\/p>\n<!-- \/wp:paragraph -->\n\n<!-- wp:image {\"id\":13104} -->\n<figure class=\"wp-block-image\"><img src=\"https:\/\/templura.com\/tienda\/wp-content\/uploads\/2019\/08\/Sell-before-you-make-salestactics-startabusiness-sellfirst.jpg\" alt=\"\" class=\"wp-image-13104\"\/><\/figure>\n<!-- \/wp:image -->\n\n<!-- wp:heading -->\n<h2>Talleres \u2013 Encuentro: para Colaboradores y\npara Clientes.<\/h2>\n<!-- \/wp:heading -->\n\n<!-- wp:paragraph -->\n<p><strong>\u00bfPor qu\u00e9 estos Talleres?<\/strong> <\/p>\n<!-- \/wp:paragraph -->\n\n<!-- wp:paragraph -->\n<p>Si realmente esperamos que quienes forman parte de nuestra organizaci\u00f3n sean quienes dise\u00f1en el presente y el futuro, que entiendan y asuman su Rol y quieran dejar su contribuci\u00f3n, hay que adentrarse en el \u201cindividuo\u201d, en su fuerza \u00fanica interior y alinearla a los objetivos de nuestra empresa.<\/p>\n<!-- \/wp:paragraph -->\n\n<!-- wp:heading -->\n<h2>Mas propuestas con otras tem\u00e1ticas:<\/h2>\n<!-- \/wp:heading -->\n\n<!-- wp:list -->\n<ul><li><a href=\"https:\/\/templura.com\/tienda\/encuentros-corporativos-taller-para-reconocer-y-gestionar-las-emociones\/\">Taller para reconocer y gestionar las EMOCIONES<\/a><\/li><li><a href=\"https:\/\/templura.com\/tienda\/encuentros-corporativos-taller-para-el-cambio-en-la-organizacion\/\"> Taller para el CAMBIO en la organizaci\u00f3n <\/a><\/li><li> <a href=\"https:\/\/templura.com\/tienda\/encuentros-corporativos-taller-para-fortalecer-vinculos-en-equipos-de-trabajo\/\">Taller para fortalecer v\u00ednculos en EQUIPOS DE TRABAJO <\/a><\/li><li><a href=\"https:\/\/templura.com\/tienda\/encuentros-corporativos-taller-para-desarrollar-lideres-empaticos-y-compasivos\/\"> Taller para desarrollar L\u00cdDERES EMP\u00c1TICOS y compasivos <\/a><\/li><li><a href=\"https:\/\/templura.com\/tienda\/encuentros-corporativos-practicas-para-una-salud-integral-emocional-y-fisica\/\"> Pr\u00e1cticas para una SALUD INTEGRAL emocional y f\u00edsica <\/a><\/li><\/ul>\n<!-- \/wp:list -->\n\n<!-- wp:paragraph {\"align\":\"center\"} -->\n<p style=\"text-align:center\"><a href=\"https:\/\/templura.com\/tienda\/contactenos\/\"><img class=\"wp-image-13089\" style=\"width: 150px;\" src=\"https:\/\/templura.com\/tienda\/wp-content\/uploads\/2019\/08\/BOTON-CONTACTENOS.jpg\" alt=\"\"><\/a><\/p>\n<!-- \/wp:paragraph -->","_et_gb_content_width":"","footnotes":""},"categories":[118,717],"tags":[],"class_list":["post-13002","post","type-post","status-publish","format-standard","hentry","category-articulos","category-encuentros-corporativos"],"_links":{"self":[{"href":"https:\/\/templura.com\/tienda\/wp-json\/wp\/v2\/posts\/13002","targetHints":{"allow":["GET"]}}],"collection":[{"href":"https:\/\/templura.com\/tienda\/wp-json\/wp\/v2\/posts"}],"about":[{"href":"https:\/\/templura.com\/tienda\/wp-json\/wp\/v2\/types\/post"}],"author":[{"embeddable":true,"href":"https:\/\/templura.com\/tienda\/wp-json\/wp\/v2\/users\/2"}],"replies":[{"embeddable":true,"href":"https:\/\/templura.com\/tienda\/wp-json\/wp\/v2\/comments?post=13002"}],"version-history":[{"count":11,"href":"https:\/\/templura.com\/tienda\/wp-json\/wp\/v2\/posts\/13002\/revisions"}],"predecessor-version":[{"id":13400,"href":"https:\/\/templura.com\/tienda\/wp-json\/wp\/v2\/posts\/13002\/revisions\/13400"}],"wp:attachment":[{"href":"https:\/\/templura.com\/tienda\/wp-json\/wp\/v2\/media?parent=13002"}],"wp:term":[{"taxonomy":"category","embeddable":true,"href":"https:\/\/templura.com\/tienda\/wp-json\/wp\/v2\/categories?post=13002"},{"taxonomy":"post_tag","embeddable":true,"href":"https:\/\/templura.com\/tienda\/wp-json\/wp\/v2\/tags?post=13002"}],"curies":[{"name":"wp","href":"https:\/\/api.w.org\/{rel}","templated":true}]}}