{"id":13022,"date":"2019-08-09T09:32:43","date_gmt":"2019-08-09T12:32:43","guid":{"rendered":"https:\/\/templura.com\/tienda\/?p=13022"},"modified":"2019-09-12T10:43:51","modified_gmt":"2019-09-12T13:43:51","slug":"encuentros-corporativos-taller-para-fortalecer-vinculos-en-equipos-de-trabajo","status":"publish","type":"post","link":"https:\/\/templura.com\/tienda\/encuentros-corporativos-taller-para-fortalecer-vinculos-en-equipos-de-trabajo\/","title":{"rendered":"Encuentros Corporativos: Taller para fortalecer v\u00ednculos en equipos de trabajo"},"content":{"rendered":"\n<p><strong>Aprender a pertenecer. \u00bfCu\u00e1l es mi lugar en la tribu?<\/strong> <\/p>\n\n\n\n<p>Tradicionalmente, se pensaba que, para pertenecer, era necesario formar parte de un grupo de pares, o si no, ir en busca de la propia tribu. Si bien es cierto que hay espacios y comunidades que nos resultan m\u00e1s afines que otras, hoy sabemos que \u201cpertenecer\u201d es tambi\u00e9n un verbo activo, una elecci\u00f3n y una habilidad. Somos criaturas sociales, y solo logramos realizarnos y alcanzar nuestra madurez moral y emocional al involucrarnos personalmente en los entornos en los que nos movemos. &nbsp;<\/p>\n\n\n\n<p><strong>Qu\u00e9 trabajaremos: <\/strong>Las habilidades del pertenecer, que nos ayudan a forjarnos un lugar en cualquier grupo.<\/p>\n\n\n\n<figure class=\"wp-block-image\"><img loading=\"lazy\" decoding=\"async\" width=\"1024\" height=\"683\" src=\"https:\/\/templura.com\/tienda\/wp-content\/uploads\/2019\/08\/Astrolog\u00eda-africana_-la-forma-m\u00e1s-primitiva-y\u2026-1024x683.jpg\" alt=\"\" class=\"wp-image-13095\"\/><\/figure>\n\n\n\n<h3 class=\"wp-block-heading\">Talleres \u2013 Encuentro: para Colaboradores y\npara Clientes.<\/h3>\n\n\n\n<p><strong>\u00bfPor qu\u00e9 estos Talleres? <\/strong><\/p>\n\n\n\n<p>Si realmente esperamos que quienes forman parte de nuestra organizaci\u00f3n sean quienes dise\u00f1en el presente y el futuro, que entiendan y asuman su Rol y quieran dejar su contribuci\u00f3n, hay que adentrarse en el \u201cindividuo\u201d, en su fuerza \u00fanica interior y alinearla a los objetivos de nuestra empresa.<\/p>\n\n\n\n<p>Si realmente esperamos que quienes forman parte de nuestra organizaci\u00f3n sean quienes dise\u00f1en el presente y el futuro, que entiendan y asuman su Rol y quieran dejar su contribuci\u00f3n, hay que adentrarse en el \u201cindividuo\u201d, en su fuerza \u00fanica interior y alinearla a los objetivos de nuestra empresa.<\/p>\n\n\n\n<h3 class=\"wp-block-heading\">Mas propuestas con otras tem\u00e1ticas:<\/h3>\n\n\n\n<ul class=\"wp-block-list\"><li><a href=\"https:\/\/templura.com\/tienda\/encuentros-corporativos-taller-para-reconocer-y-gestionar-las-emociones\/\">Taller para reconocer y gestionar las emociones<\/a><\/li><li><a href=\"https:\/\/templura.com\/tienda\/encuentros-corporativos-taller-para-descubrir-y-desarrollar-el-liderazgo\/\">Taller para descubrir y desarrollar el liderazgo<\/a><\/li><li><a href=\"https:\/\/templura.com\/tienda\/encuentros-corporativos-taller-para-el-cambio-en-la-organizacion\/\">Taller para el cambio en la organizaci\u00f3n<\/a><\/li><li><a href=\"https:\/\/templura.com\/tienda\/encuentros-corporativos-taller-para-desarrollar-lideres-empaticos-y-compasivos\/\">Taller para desarrollar Lideres emp\u00e1ticos y compasivos<\/a><\/li><li><a href=\"https:\/\/templura.com\/tienda\/encuentros-corporativos-practicas-para-una-salud-integral-emocional-y-fisica\/\">Pr\u00e1cticas para una salud integral emocional y f\u00edsica<\/a><\/li><li><a href=\"https:\/\/templura.com\/tienda\/encuentros-corporativos-taller-de-cierre-de-ano-elegir-la-paleta-de-colores-del-proximo-ciclo\/\">Taller de cierre de a\u00f1o<\/a><\/li><\/ul>\n\n\n\n<p style=\"text-align:center\"><a href=\"https:\/\/templura.com\/tienda\/contactenos\/\"><img loading=\"lazy\" decoding=\"async\" width=\"150\" height=\"50\" class=\"wp-image-13089\" style=\"width: 150px;\" src=\"https:\/\/templura.com\/tienda\/wp-content\/uploads\/2019\/08\/BOTON-CONTACTENOS.jpg\" alt=\"\"><\/a><\/p>\n","protected":false},"excerpt":{"rendered":"<p>Aprender a pertenecer. \u00bfCu\u00e1l es mi lugar en la tribu? Tradicionalmente, se pensaba que, para pertenecer, era necesario formar parte de un grupo de pares, o si no, ir en busca de la propia tribu. Si bien es cierto que hay espacios y comunidades que nos resultan m\u00e1s afines que otras, hoy sabemos que \u201cpertenecer\u201d [&hellip;]<\/p>\n","protected":false},"author":2,"featured_media":0,"comment_status":"closed","ping_status":"open","sticky":false,"template":"","format":"standard","meta":{"_et_pb_use_builder":"off","_et_pb_old_content":"<!-- wp:paragraph -->\n<p><strong>Aprender a pertenecer. \u00bfCu\u00e1l es mi lugar en la tribu?<\/strong> <\/p>\n<!-- \/wp:paragraph -->\n\n<!-- wp:paragraph -->\n<p>Tradicionalmente, se pensaba que, para pertenecer, era necesario formar parte de un grupo de pares, o si no, ir en busca de la propia tribu. Si bien es cierto que hay espacios y comunidades que nos resultan m\u00e1s afines que otras, hoy sabemos que \u201cpertenecer\u201d es tambi\u00e9n un verbo activo, una elecci\u00f3n y una habilidad. Somos criaturas sociales, y solo logramos realizarnos y alcanzar nuestra madurez moral y emocional al involucrarnos personalmente en los entornos en los que nos movemos. &nbsp;<\/p>\n<!-- \/wp:paragraph -->\n\n<!-- wp:paragraph -->\n<p><strong>Qu\u00e9 trabajaremos: <\/strong><\/p>\n<!-- \/wp:paragraph -->\n\n<!-- wp:paragraph -->\n<p>Las habilidades del pertenecer, que nos ayudan a forjarnos un lugar en cualquier grupo.<\/p>\n<!-- \/wp:paragraph -->\n\n<!-- wp:image {\"id\":13095} -->\n<figure class=\"wp-block-image\"><img src=\"https:\/\/templura.com\/tienda\/wp-content\/uploads\/2019\/08\/Astrolog\u00eda-africana_-la-forma-m\u00e1s-primitiva-y\u2026-1024x683.jpg\" alt=\"\" class=\"wp-image-13095\"\/><\/figure>\n<!-- \/wp:image -->\n\n<!-- wp:heading {\"level\":3} -->\n<h3>Talleres \u2013 Encuentro: para Colaboradores y\npara Clientes.<\/h3>\n<!-- \/wp:heading -->\n\n<!-- wp:paragraph -->\n<p><strong>\u00bfPor qu\u00e9 estos Talleres? <\/strong>Si realmente esperamos que quienes forman parte de nuestra organizaci\u00f3n sean quienes dise\u00f1en el presente y el futuro, que entiendan y asuman su Rol y quieran dejar su contribuci\u00f3n, hay que adentrarse en el \u201cindividuo\u201d, en su fuerza \u00fanica interior y alinearla a los objetivos de nuestra empresa.<\/p>\n<!-- \/wp:paragraph -->\n\n<!-- wp:paragraph -->\n<p>Si realmente esperamos que quienes forman parte de nuestra organizaci\u00f3n sean quienes dise\u00f1en el presente y el futuro, que entiendan y asuman su Rol y quieran dejar su contribuci\u00f3n, hay que adentrarse en el \u201cindividuo\u201d, en su fuerza \u00fanica interior y alinearla a los objetivos de nuestra empresa.<\/p>\n<!-- \/wp:paragraph -->\n\n<!-- wp:heading {\"level\":3} -->\n<h3>Mas propuestas con otras tem\u00e1ticas:<\/h3>\n<!-- \/wp:heading -->\n\n<!-- wp:list -->\n<ul><li><a href=\"https:\/\/templura.com\/tienda\/encuentros-corporativos-taller-para-reconocer-y-gestionar-las-emociones\/\">Taller para reconocer y gestionar las emociones<\/a><\/li><li><a href=\"https:\/\/templura.com\/tienda\/encuentros-corporativos-taller-para-descubrir-y-desarrollar-el-liderazgo\/\">Taller para descubrir y desarrollar el liderazgo<\/a><\/li><li><a href=\"https:\/\/templura.com\/tienda\/encuentros-corporativos-taller-para-el-cambio-en-la-organizacion\/\">Taller para el cambio en la organizaci\u00f3n<\/a><\/li><li><a href=\"https:\/\/templura.com\/tienda\/encuentros-corporativos-taller-para-desarrollar-lideres-empaticos-y-compasivos\/\">Taller para desarrollar Lideres emp\u00e1ticos y compasivos<\/a><\/li><li><a href=\"https:\/\/templura.com\/tienda\/encuentros-corporativos-practicas-para-una-salud-integral-emocional-y-fisica\/\">Pr\u00e1cticas para una salud integral emocional y f\u00edsica<\/a><\/li><\/ul>\n<!-- \/wp:list -->\n\n<!-- wp:image {\"id\":13089,\"align\":\"center\"} -->\n<div class=\"wp-block-image\"><figure class=\"aligncenter\"><img src=\"https:\/\/templura.com\/tienda\/wp-content\/uploads\/2019\/08\/BOTON-CONTACTENOS.jpg\" alt=\"\" class=\"wp-image-13089\"\/><\/figure><\/div>\n<!-- \/wp:image -->","_et_gb_content_width":"","footnotes":""},"categories":[118,717],"tags":[],"class_list":["post-13022","post","type-post","status-publish","format-standard","hentry","category-articulos","category-encuentros-corporativos"],"_links":{"self":[{"href":"https:\/\/templura.com\/tienda\/wp-json\/wp\/v2\/posts\/13022","targetHints":{"allow":["GET"]}}],"collection":[{"href":"https:\/\/templura.com\/tienda\/wp-json\/wp\/v2\/posts"}],"about":[{"href":"https:\/\/templura.com\/tienda\/wp-json\/wp\/v2\/types\/post"}],"author":[{"embeddable":true,"href":"https:\/\/templura.com\/tienda\/wp-json\/wp\/v2\/users\/2"}],"replies":[{"embeddable":true,"href":"https:\/\/templura.com\/tienda\/wp-json\/wp\/v2\/comments?post=13022"}],"version-history":[{"count":11,"href":"https:\/\/templura.com\/tienda\/wp-json\/wp\/v2\/posts\/13022\/revisions"}],"predecessor-version":[{"id":13402,"href":"https:\/\/templura.com\/tienda\/wp-json\/wp\/v2\/posts\/13022\/revisions\/13402"}],"wp:attachment":[{"href":"https:\/\/templura.com\/tienda\/wp-json\/wp\/v2\/media?parent=13022"}],"wp:term":[{"taxonomy":"category","embeddable":true,"href":"https:\/\/templura.com\/tienda\/wp-json\/wp\/v2\/categories?post=13022"},{"taxonomy":"post_tag","embeddable":true,"href":"https:\/\/templura.com\/tienda\/wp-json\/wp\/v2\/tags?post=13022"}],"curies":[{"name":"wp","href":"https:\/\/api.w.org\/{rel}","templated":true}]}}