{"id":13036,"date":"2019-08-13T08:34:28","date_gmt":"2019-08-13T11:34:28","guid":{"rendered":"https:\/\/templura.com\/tienda\/?p=13036"},"modified":"2019-09-12T10:46:28","modified_gmt":"2019-09-12T13:46:28","slug":"encuentros-corporativos-taller-para-desarrollar-lideres-empaticos-y-compasivos","status":"publish","type":"post","link":"https:\/\/templura.com\/tienda\/encuentros-corporativos-taller-para-desarrollar-lideres-empaticos-y-compasivos\/","title":{"rendered":"Encuentros Corporativos: Taller para desarrollar Lideres emp\u00e1ticos y compasivos"},"content":{"rendered":"\n<p><strong>L\u00edder Compasivo \/ Liderazgo Yin. \u00bfC\u00f3mo ejercer un liderazgo humano, consciente y eficaz?<\/strong><\/p>\n\n\n\n<p>Siempre se consider\u00f3 que un l\u00edder ten\u00eda que tener cualidades\ncomo determinaci\u00f3n, auto-afirmaci\u00f3n, capacidad de mando. Hoy, se entiende que\nestas cualidades \u2013que denominaremos \u201cyang\u201d (en relaci\u00f3n al concepto de\ncomplementaci\u00f3n de opuestos de la filosof\u00eda china) necesita ser acompa\u00f1ado por\ncualidades \u201cyin\u201d como la compasi\u00f3n, la empat\u00eda, la capacidad de escucha y la\nconfianza. Investigadores de Harvard concluyeron que la compasi\u00f3n es el rasgo\nque separa a los l\u00edderes excepcionales de los otros: crea mejor colaboraci\u00f3n en\nequipo, m\u00e1s compromiso y mayor retenci\u00f3n del personal. <\/p>\n\n\n\n<p><strong>Qu\u00e9 trabajaremos:<\/strong> Qu\u00e9 es (y qu\u00e9 no es) la compasi\u00f3n, y en qu\u00e9 se diferencia de la empat\u00eda. C\u00f3mo ejercerla con el propio equipo, los colaboradores, y uno mismo. Pr\u00e1cticas para la vida cotidiana.<\/p>\n\n\n\n<figure class=\"wp-block-image\"><img loading=\"lazy\" decoding=\"async\" width=\"1024\" height=\"683\" src=\"https:\/\/templura.com\/tienda\/wp-content\/uploads\/2019\/08\/taller-lider-empatico-compasivo-1024x683.jpg\" alt=\"taller liderazgo empatico\" class=\"wp-image-13170\"\/><\/figure>\n\n\n\n<h2 class=\"wp-block-heading\">Talleres \u2013 Encuentro: para Colaboradores y\npara Clientes.<\/h2>\n\n\n\n<p><strong>\u00bfPor qu\u00e9 estos Talleres?<\/strong> <\/p>\n\n\n\n<p>Si realmente esperamos que quienes forman parte de nuestra organizaci\u00f3n sean quienes dise\u00f1en el presente y el futuro, que entiendan y asuman su Rol y quieran dejar su contribuci\u00f3n, hay que adentrarse en el \u201cindividuo\u201d, en su fuerza \u00fanica interior y alinearla a los objetivos de nuestra empresa.<\/p>\n\n\n\n<h2 class=\"wp-block-heading\">Mas propuestas con otras tem\u00e1ticas:<\/h2>\n\n\n\n<ul class=\"wp-block-list\"><li><a href=\"https:\/\/templura.com\/tienda\/encuentros-corporativos-taller-para-reconocer-y-gestionar-las-emociones\/\">Taller para reconocer y gestionar las EMOCIONES<\/a><\/li><li><a href=\"https:\/\/templura.com\/tienda\/encuentros-corporativos-taller-para-descubrir-y-desarrollar-el-liderazgo\/\">Taller para descubrir y desarrollar el LIDERAZGO<\/a><\/li><li><a href=\"https:\/\/templura.com\/tienda\/encuentros-corporativos-taller-para-el-cambio-en-la-organizacion\/\">Taller para el CAMBIO en una organizaci\u00f3n<\/a><\/li><li><a href=\"https:\/\/templura.com\/tienda\/encuentros-corporativos-taller-para-fortalecer-vinculos-en-equipos-de-trabajo\/\">Taller para fortalecer v\u00ednculos en EQUIPOS DE TRABAJO<\/a><\/li><li><a href=\"https:\/\/templura.com\/tienda\/encuentros-corporativos-practicas-para-una-salud-integral-emocional-y-fisica\/\">Pr\u00e1cticas para una SALUD INTEGRAL emocional y f\u00edsica<\/a><\/li><li><a href=\"https:\/\/templura.com\/tienda\/encuentros-corporativos-taller-de-cierre-de-ano-elegir-la-paleta-de-colores-del-proximo-ciclo\/\">Taller de cierre de a\u00f1o<\/a><\/li><\/ul>\n\n\n\n<p style=\"text-align:center\"><a href=\"https:\/\/templura.com\/tienda\/contactenos\/\"><img loading=\"lazy\" decoding=\"async\" width=\"150\" height=\"50\" class=\"wp-image-13089\" style=\"width: 150px;\" src=\"https:\/\/templura.com\/tienda\/wp-content\/uploads\/2019\/08\/BOTON-CONTACTENOS.jpg\" alt=\"\"><\/a><\/p>\n","protected":false},"excerpt":{"rendered":"<p>L\u00edder Compasivo \/ Liderazgo Yin. \u00bfC\u00f3mo ejercer un liderazgo humano, consciente y eficaz? Siempre se consider\u00f3 que un l\u00edder ten\u00eda que tener cualidades como determinaci\u00f3n, auto-afirmaci\u00f3n, capacidad de mando. Hoy, se entiende que estas cualidades \u2013que denominaremos \u201cyang\u201d (en relaci\u00f3n al concepto de complementaci\u00f3n de opuestos de la filosof\u00eda china) necesita ser acompa\u00f1ado por cualidades [&hellip;]<\/p>\n","protected":false},"author":2,"featured_media":0,"comment_status":"closed","ping_status":"open","sticky":false,"template":"","format":"standard","meta":{"_et_pb_use_builder":"off","_et_pb_old_content":"","_et_gb_content_width":"","footnotes":""},"categories":[118,717],"tags":[],"class_list":["post-13036","post","type-post","status-publish","format-standard","hentry","category-articulos","category-encuentros-corporativos"],"_links":{"self":[{"href":"https:\/\/templura.com\/tienda\/wp-json\/wp\/v2\/posts\/13036","targetHints":{"allow":["GET"]}}],"collection":[{"href":"https:\/\/templura.com\/tienda\/wp-json\/wp\/v2\/posts"}],"about":[{"href":"https:\/\/templura.com\/tienda\/wp-json\/wp\/v2\/types\/post"}],"author":[{"embeddable":true,"href":"https:\/\/templura.com\/tienda\/wp-json\/wp\/v2\/users\/2"}],"replies":[{"embeddable":true,"href":"https:\/\/templura.com\/tienda\/wp-json\/wp\/v2\/comments?post=13036"}],"version-history":[{"count":9,"href":"https:\/\/templura.com\/tienda\/wp-json\/wp\/v2\/posts\/13036\/revisions"}],"predecessor-version":[{"id":13404,"href":"https:\/\/templura.com\/tienda\/wp-json\/wp\/v2\/posts\/13036\/revisions\/13404"}],"wp:attachment":[{"href":"https:\/\/templura.com\/tienda\/wp-json\/wp\/v2\/media?parent=13036"}],"wp:term":[{"taxonomy":"category","embeddable":true,"href":"https:\/\/templura.com\/tienda\/wp-json\/wp\/v2\/categories?post=13036"},{"taxonomy":"post_tag","embeddable":true,"href":"https:\/\/templura.com\/tienda\/wp-json\/wp\/v2\/tags?post=13036"}],"curies":[{"name":"wp","href":"https:\/\/api.w.org\/{rel}","templated":true}]}}